{"id":10335,"date":"2022-09-16T16:30:00","date_gmt":"2022-09-16T13:30:00","guid":{"rendered":"https:\/\/react-aph.org\/?p=10335"},"modified":"2022-10-24T18:17:48","modified_gmt":"2022-10-24T15:17:48","slug":"do-not-hesitate-to-contact-reactors-in-albania","status":"publish","type":"post","link":"https:\/\/react-aph.org\/en\/do-not-hesitate-to-contact-reactors-in-albania\/","title":{"rendered":"Do not hesitate to contact REActors in Albania!"},"content":{"rendered":"\n<p>REAct in <strong>Albania<\/strong> is coordinated by the <a href=\"https:\/\/etwalbania.wixsite.com\/website\/albanian-association-of-plwha\" target=\"_blank\" rel=\"noreferrer noopener\"><strong>Albanian Association of People Living with HIV \/ AID<\/strong>S<\/a>, with the initials PLWHA is an association of patients, non-governmental, non-profit, based in Tirana that extends its activity throughout Albania. The main goal of the activity is to improve the quality of life for PLHIV by providing services, capacity building for PLHIV for the promotion and protection of PLHIV Human Rights, such as the right to treatment, care, support, education and employment. The aim of the association is to develop and implement joint policies for the benefit of the health and well-being of individuals living with HIV \/ AIDS in Albania. The brochure is <a href=\"https:\/\/react-aph.org\/en\/do-not-hesitate-to-contact-reactors-in-albania\/\" target=\"_blank\" rel=\"noreferrer noopener\"><strong>here<\/strong><\/a>.<\/p>\n\n\n\n<p>REAct (Rights \u2013 Evidence \u2013 Actions) \u00ebsht\u00eb nj\u00eb projekt bamir\u00ebsie p\u00ebr t\u00eb mb\u00ebshtetur personat q\u00eb jetojn\u00eb me HIV dhe personat n\u00eb risk p\u00ebr HIV-in, kur t\u00eb drejtat e tyre shkelen ose p\u00ebrballen me dhun\u00eb, diskriminim apo stigm\u00eb. Ne ofrojm\u00eb konsultime ligjore dhe mb\u00ebshtetje t\u00eb bazuar n\u00eb komunitet, p\u00ebr t\u00eb kap\u00ebrcyer barrierat ligjore p\u00ebr aksesin n\u00eb sh\u00ebrbimet e parandalimit dhe kujdesit p\u00ebr HIV.<\/p>\n\n\n\n<figure class=\"wp-block-embed-pdf-viewer-pdf wp-block-embed-pdf-viewer-pdf__content-wrapper alignundefined\"><object class=\"embed-pdf-viewer\" data=\"https:\/\/react-aph.org\/wp-content\/uploads\/2022\/10\/poster-albania-print-a43mm-na-obrez.pdf#scrollbar=1&amp;toolbar=1\" type=\"application\/pdf\" height=\"600\" width=\"600\"><\/object><iframe class=\"embed-pdf-viewer\" src=\"https:\/\/docs.google.com\/viewer?url=https%3A%2F%2Freact-aph.org%2Fwp-content%2Fuploads%2F2022%2F10%2Fposter-albania-print-a43mm-na-obrez.pdf&amp;embedded=true\" frameborder=\"0\" height=\"600\" width=\"600\"><\/iframe><\/figure>\n","protected":false},"excerpt":{"rendered":"<p>REAct in Albania is coordinated by the Albanian Association of People Living with HIV \/ AIDS, with the initials PLWHA is an association of patients, non-governmental, non-profit, based in Tirana that extends its activity throughout Albania. The main goal of the activity is to improve the quality of life for PLHIV by providing services, capacity [&hellip;]<\/p>\n","protected":false},"author":4,"featured_media":10339,"comment_status":"closed","ping_status":"closed","sticky":false,"template":"","format":"standard","meta":{"footnotes":""},"categories":[183,81],"tags":[],"acf":{"countries":[7538],"url_better":""},"yoast_head":"<!-- This site is optimized with the Yoast SEO plugin v19.2 - https:\/\/yoast.com\/wordpress\/plugins\/seo\/ -->\n<title>Do not hesitate to contact REActors in Albania! - REAct<\/title>\n<meta name=\"description\" content=\"REAct (Rights \u2013 Evidence \u2013 Actions) \u00ebsht\u00eb nj\u00eb projekt bamir\u00ebsie p\u00ebr t\u00eb mb\u00ebshtetur personat q\u00eb jetojn\u00eb me HIV dhe personat n\u00eb risk p\u00ebr HIV-in, kur t\u00eb drejtat e tyre shkelen ose p\u00ebrballen me dhun\u00eb, diskriminim apo stigm\u00eb. Ne ofrojm\u00eb konsultime ligjore dhe mb\u00ebshtetje t\u00eb bazuar n\u00eb komunitet, p\u00ebr t\u00eb kap\u00ebrcyer barrierat ligjore p\u00ebr aksesin n\u00eb sh\u00ebrbimet e parandalimit dhe kujdesit p\u00ebr HIV.\" \/>\n<meta name=\"robots\" content=\"index, follow, max-snippet:-1, max-image-preview:large, max-video-preview:-1\" \/>\n<link rel=\"canonical\" href=\"https:\/\/react-aph.org\/en\/do-not-hesitate-to-contact-reactors-in-albania\/\" \/>\n<meta property=\"og:locale\" content=\"en_US\" \/>\n<meta property=\"og:type\" content=\"article\" \/>\n<meta property=\"og:title\" content=\"Do not hesitate to contact REActors in Albania!\" \/>\n<meta property=\"og:description\" content=\"REAct (Rights \u2013 Evidence \u2013 Actions) \u00ebsht\u00eb nj\u00eb projekt bamir\u00ebsie p\u00ebr t\u00eb mb\u00ebshtetur personat q\u00eb jetojn\u00eb me HIV dhe personat n\u00eb risk p\u00ebr HIV-in, kur t\u00eb drejtat e tyre shkelen ose p\u00ebrballen me dhun\u00eb, diskriminim apo stigm\u00eb. Ne ofrojm\u00eb konsultime ligjore dhe mb\u00ebshtetje t\u00eb bazuar n\u00eb komunitet, p\u00ebr t\u00eb kap\u00ebrcyer barrierat ligjore p\u00ebr aksesin n\u00eb sh\u00ebrbimet e parandalimit dhe kujdesit p\u00ebr HIV.\" \/>\n<meta property=\"og:url\" content=\"https:\/\/react-aph.org\/en\/do-not-hesitate-to-contact-reactors-in-albania\/\" \/>\n<meta property=\"og:site_name\" content=\"REAct (Rights \u2013 Evidence \u2013 Actions)\" \/>\n<meta property=\"article:published_time\" content=\"2022-09-16T13:30:00+00:00\" \/>\n<meta property=\"article:modified_time\" content=\"2022-10-24T15:17:48+00:00\" \/>\n<meta property=\"og:image\" content=\"https:\/\/react-aph.org\/wp-content\/uploads\/2022\/10\/card_albania.jpg\" \/>\n\t<meta property=\"og:image:width\" content=\"709\" \/>\n\t<meta property=\"og:image:height\" content=\"434\" \/>\n\t<meta property=\"og:image:type\" content=\"image\/jpeg\" \/>\n<meta name=\"author\" content=\"Victoria Kalyniuk\" \/>\n<meta name=\"twitter:card\" content=\"summary_large_image\" \/>\n<meta name=\"twitter:title\" content=\"Do not hesitate to contact REActors in Albania!\" \/>\n<meta name=\"twitter:description\" content=\"REAct (Rights \u2013 Evidence \u2013 Actions) \u00ebsht\u00eb nj\u00eb projekt bamir\u00ebsie p\u00ebr t\u00eb mb\u00ebshtetur personat q\u00eb jetojn\u00eb me HIV dhe personat n\u00eb risk p\u00ebr HIV-in, kur t\u00eb drejtat e tyre shkelen ose p\u00ebrballen me dhun\u00eb, diskriminim apo stigm\u00eb. Ne ofrojm\u00eb konsultime ligjore dhe mb\u00ebshtetje t\u00eb bazuar n\u00eb komunitet, p\u00ebr t\u00eb kap\u00ebrcyer barrierat ligjore p\u00ebr aksesin n\u00eb sh\u00ebrbimet e parandalimit dhe kujdesit p\u00ebr HIV.\" \/>\n<meta name=\"twitter:image\" content=\"https:\/\/react-aph.org\/wp-content\/uploads\/2022\/10\/card_albania.jpg\" \/>\n<meta name=\"twitter:label1\" content=\"Written by\" \/>\n\t<meta name=\"twitter:data1\" content=\"Victoria Kalyniuk\" \/>\n\t<meta name=\"twitter:label2\" content=\"Est. reading time\" \/>\n\t<meta name=\"twitter:data2\" content=\"1 minute\" \/>\n<script type=\"application\/ld+json\" class=\"yoast-schema-graph\">{\"@context\":\"https:\/\/schema.org\",\"@graph\":[{\"@type\":\"WebSite\",\"@id\":\"https:\/\/react-aph.org\/#website\",\"url\":\"https:\/\/react-aph.org\/\",\"name\":\"REAct (Rights \u2013 Evidence \u2013 Actions)\",\"description\":\"REAct - monitoring cases of violation of the rights of key communities\",\"potentialAction\":[{\"@type\":\"SearchAction\",\"target\":{\"@type\":\"EntryPoint\",\"urlTemplate\":\"https:\/\/react-aph.org\/?s={search_term_string}\"},\"query-input\":\"required name=search_term_string\"}],\"inLanguage\":\"en-US\"},{\"@type\":\"ImageObject\",\"inLanguage\":\"en-US\",\"@id\":\"https:\/\/react-aph.org\/en\/do-not-hesitate-to-contact-reactors-in-albania\/#primaryimage\",\"url\":\"https:\/\/react-aph.org\/wp-content\/uploads\/2022\/10\/card_albania.jpg\",\"contentUrl\":\"https:\/\/react-aph.org\/wp-content\/uploads\/2022\/10\/card_albania.jpg\",\"width\":709,\"height\":434},{\"@type\":\"WebPage\",\"@id\":\"https:\/\/react-aph.org\/en\/do-not-hesitate-to-contact-reactors-in-albania\/#webpage\",\"url\":\"https:\/\/react-aph.org\/en\/do-not-hesitate-to-contact-reactors-in-albania\/\",\"name\":\"Do not hesitate to contact REActors in Albania! - REAct\",\"isPartOf\":{\"@id\":\"https:\/\/react-aph.org\/#website\"},\"primaryImageOfPage\":{\"@id\":\"https:\/\/react-aph.org\/en\/do-not-hesitate-to-contact-reactors-in-albania\/#primaryimage\"},\"datePublished\":\"2022-09-16T13:30:00+00:00\",\"dateModified\":\"2022-10-24T15:17:48+00:00\",\"author\":{\"@id\":\"https:\/\/react-aph.org\/#\/schema\/person\/354a9080b958b099ad0aa77ed9dd8f62\"},\"description\":\"REAct (Rights \u2013 Evidence \u2013 Actions) \u00ebsht\u00eb nj\u00eb projekt bamir\u00ebsie p\u00ebr t\u00eb mb\u00ebshtetur personat q\u00eb jetojn\u00eb me HIV dhe personat n\u00eb risk p\u00ebr HIV-in, kur t\u00eb drejtat e tyre shkelen ose p\u00ebrballen me dhun\u00eb, diskriminim apo stigm\u00eb. Ne ofrojm\u00eb konsultime ligjore dhe mb\u00ebshtetje t\u00eb bazuar n\u00eb komunitet, p\u00ebr t\u00eb kap\u00ebrcyer barrierat ligjore p\u00ebr aksesin n\u00eb sh\u00ebrbimet e parandalimit dhe kujdesit p\u00ebr HIV.\",\"breadcrumb\":{\"@id\":\"https:\/\/react-aph.org\/en\/do-not-hesitate-to-contact-reactors-in-albania\/#breadcrumb\"},\"inLanguage\":\"en-US\",\"potentialAction\":[{\"@type\":\"ReadAction\",\"target\":[\"https:\/\/react-aph.org\/en\/do-not-hesitate-to-contact-reactors-in-albania\/\"]}]},{\"@type\":\"BreadcrumbList\",\"@id\":\"https:\/\/react-aph.org\/en\/do-not-hesitate-to-contact-reactors-in-albania\/#breadcrumb\",\"itemListElement\":[{\"@type\":\"ListItem\",\"position\":1,\"name\":\"\u0413\u043b\u0430\u0432\u043d\u0430\u044f\",\"item\":\"https:\/\/react-aph.org\/en\/\"},{\"@type\":\"ListItem\",\"position\":2,\"name\":\"Useful materials\",\"item\":\"https:\/\/react-aph.org\/en\/category\/resources\/\"},{\"@type\":\"ListItem\",\"position\":3,\"name\":\"Do not hesitate to contact REActors in Albania!\"}]},{\"@type\":\"Person\",\"@id\":\"https:\/\/react-aph.org\/#\/schema\/person\/354a9080b958b099ad0aa77ed9dd8f62\",\"name\":\"Victoria Kalyniuk\",\"image\":{\"@type\":\"ImageObject\",\"inLanguage\":\"en-US\",\"@id\":\"https:\/\/react-aph.org\/#\/schema\/person\/image\/\",\"url\":\"https:\/\/secure.gravatar.com\/avatar\/52b32b417670f9b6e49f8b80657b7566?s=96&d=mm&r=g\",\"contentUrl\":\"https:\/\/secure.gravatar.com\/avatar\/52b32b417670f9b6e49f8b80657b7566?s=96&d=mm&r=g\",\"caption\":\"Victoria Kalyniuk\"},\"url\":\"https:\/\/react-aph.org\/en\/author\/kalyniuk\/\"}]}<\/script>\n<!-- \/ Yoast SEO plugin. -->","yoast_head_json":{"title":"Do not hesitate to contact REActors in Albania! - REAct","description":"REAct (Rights \u2013 Evidence \u2013 Actions) \u00ebsht\u00eb nj\u00eb projekt bamir\u00ebsie p\u00ebr t\u00eb mb\u00ebshtetur personat q\u00eb jetojn\u00eb me HIV dhe personat n\u00eb risk p\u00ebr HIV-in, kur t\u00eb drejtat e tyre shkelen ose p\u00ebrballen me dhun\u00eb, diskriminim apo stigm\u00eb. Ne ofrojm\u00eb konsultime ligjore dhe mb\u00ebshtetje t\u00eb bazuar n\u00eb komunitet, p\u00ebr t\u00eb kap\u00ebrcyer barrierat ligjore p\u00ebr aksesin n\u00eb sh\u00ebrbimet e parandalimit dhe kujdesit p\u00ebr HIV.","robots":{"index":"index","follow":"follow","max-snippet":"max-snippet:-1","max-image-preview":"max-image-preview:large","max-video-preview":"max-video-preview:-1"},"canonical":"https:\/\/react-aph.org\/en\/do-not-hesitate-to-contact-reactors-in-albania\/","og_locale":"en_US","og_type":"article","og_title":"Do not hesitate to contact REActors in Albania!","og_description":"REAct (Rights \u2013 Evidence \u2013 Actions) \u00ebsht\u00eb nj\u00eb projekt bamir\u00ebsie p\u00ebr t\u00eb mb\u00ebshtetur personat q\u00eb jetojn\u00eb me HIV dhe personat n\u00eb risk p\u00ebr HIV-in, kur t\u00eb drejtat e tyre shkelen ose p\u00ebrballen me dhun\u00eb, diskriminim apo stigm\u00eb. Ne ofrojm\u00eb konsultime ligjore dhe mb\u00ebshtetje t\u00eb bazuar n\u00eb komunitet, p\u00ebr t\u00eb kap\u00ebrcyer barrierat ligjore p\u00ebr aksesin n\u00eb sh\u00ebrbimet e parandalimit dhe kujdesit p\u00ebr HIV.","og_url":"https:\/\/react-aph.org\/en\/do-not-hesitate-to-contact-reactors-in-albania\/","og_site_name":"REAct (Rights \u2013 Evidence \u2013 Actions)","article_published_time":"2022-09-16T13:30:00+00:00","article_modified_time":"2022-10-24T15:17:48+00:00","og_image":[{"width":709,"height":434,"url":"https:\/\/react-aph.org\/wp-content\/uploads\/2022\/10\/card_albania.jpg","type":"image\/jpeg"}],"author":"Victoria Kalyniuk","twitter_card":"summary_large_image","twitter_title":"Do not hesitate to contact REActors in Albania!","twitter_description":"REAct (Rights \u2013 Evidence \u2013 Actions) \u00ebsht\u00eb nj\u00eb projekt bamir\u00ebsie p\u00ebr t\u00eb mb\u00ebshtetur personat q\u00eb jetojn\u00eb me HIV dhe personat n\u00eb risk p\u00ebr HIV-in, kur t\u00eb drejtat e tyre shkelen ose p\u00ebrballen me dhun\u00eb, diskriminim apo stigm\u00eb. Ne ofrojm\u00eb konsultime ligjore dhe mb\u00ebshtetje t\u00eb bazuar n\u00eb komunitet, p\u00ebr t\u00eb kap\u00ebrcyer barrierat ligjore p\u00ebr aksesin n\u00eb sh\u00ebrbimet e parandalimit dhe kujdesit p\u00ebr HIV.","twitter_image":"https:\/\/react-aph.org\/wp-content\/uploads\/2022\/10\/card_albania.jpg","twitter_misc":{"Written by":"Victoria Kalyniuk","Est. reading time":"1 minute"},"schema":{"@context":"https:\/\/schema.org","@graph":[{"@type":"WebSite","@id":"https:\/\/react-aph.org\/#website","url":"https:\/\/react-aph.org\/","name":"REAct (Rights \u2013 Evidence \u2013 Actions)","description":"REAct - monitoring cases of violation of the rights of key communities","potentialAction":[{"@type":"SearchAction","target":{"@type":"EntryPoint","urlTemplate":"https:\/\/react-aph.org\/?s={search_term_string}"},"query-input":"required name=search_term_string"}],"inLanguage":"en-US"},{"@type":"ImageObject","inLanguage":"en-US","@id":"https:\/\/react-aph.org\/en\/do-not-hesitate-to-contact-reactors-in-albania\/#primaryimage","url":"https:\/\/react-aph.org\/wp-content\/uploads\/2022\/10\/card_albania.jpg","contentUrl":"https:\/\/react-aph.org\/wp-content\/uploads\/2022\/10\/card_albania.jpg","width":709,"height":434},{"@type":"WebPage","@id":"https:\/\/react-aph.org\/en\/do-not-hesitate-to-contact-reactors-in-albania\/#webpage","url":"https:\/\/react-aph.org\/en\/do-not-hesitate-to-contact-reactors-in-albania\/","name":"Do not hesitate to contact REActors in Albania! - REAct","isPartOf":{"@id":"https:\/\/react-aph.org\/#website"},"primaryImageOfPage":{"@id":"https:\/\/react-aph.org\/en\/do-not-hesitate-to-contact-reactors-in-albania\/#primaryimage"},"datePublished":"2022-09-16T13:30:00+00:00","dateModified":"2022-10-24T15:17:48+00:00","author":{"@id":"https:\/\/react-aph.org\/#\/schema\/person\/354a9080b958b099ad0aa77ed9dd8f62"},"description":"REAct (Rights \u2013 Evidence \u2013 Actions) \u00ebsht\u00eb nj\u00eb projekt bamir\u00ebsie p\u00ebr t\u00eb mb\u00ebshtetur personat q\u00eb jetojn\u00eb me HIV dhe personat n\u00eb risk p\u00ebr HIV-in, kur t\u00eb drejtat e tyre shkelen ose p\u00ebrballen me dhun\u00eb, diskriminim apo stigm\u00eb. Ne ofrojm\u00eb konsultime ligjore dhe mb\u00ebshtetje t\u00eb bazuar n\u00eb komunitet, p\u00ebr t\u00eb kap\u00ebrcyer barrierat ligjore p\u00ebr aksesin n\u00eb sh\u00ebrbimet e parandalimit dhe kujdesit p\u00ebr HIV.","breadcrumb":{"@id":"https:\/\/react-aph.org\/en\/do-not-hesitate-to-contact-reactors-in-albania\/#breadcrumb"},"inLanguage":"en-US","potentialAction":[{"@type":"ReadAction","target":["https:\/\/react-aph.org\/en\/do-not-hesitate-to-contact-reactors-in-albania\/"]}]},{"@type":"BreadcrumbList","@id":"https:\/\/react-aph.org\/en\/do-not-hesitate-to-contact-reactors-in-albania\/#breadcrumb","itemListElement":[{"@type":"ListItem","position":1,"name":"\u0413\u043b\u0430\u0432\u043d\u0430\u044f","item":"https:\/\/react-aph.org\/en\/"},{"@type":"ListItem","position":2,"name":"Useful materials","item":"https:\/\/react-aph.org\/en\/category\/resources\/"},{"@type":"ListItem","position":3,"name":"Do not hesitate to contact REActors in Albania!"}]},{"@type":"Person","@id":"https:\/\/react-aph.org\/#\/schema\/person\/354a9080b958b099ad0aa77ed9dd8f62","name":"Victoria Kalyniuk","image":{"@type":"ImageObject","inLanguage":"en-US","@id":"https:\/\/react-aph.org\/#\/schema\/person\/image\/","url":"https:\/\/secure.gravatar.com\/avatar\/52b32b417670f9b6e49f8b80657b7566?s=96&d=mm&r=g","contentUrl":"https:\/\/secure.gravatar.com\/avatar\/52b32b417670f9b6e49f8b80657b7566?s=96&d=mm&r=g","caption":"Victoria Kalyniuk"},"url":"https:\/\/react-aph.org\/en\/author\/kalyniuk\/"}]}},"_links":{"self":[{"href":"https:\/\/react-aph.org\/en\/wp-json\/wp\/v2\/posts\/10335"}],"collection":[{"href":"https:\/\/react-aph.org\/en\/wp-json\/wp\/v2\/posts"}],"about":[{"href":"https:\/\/react-aph.org\/en\/wp-json\/wp\/v2\/types\/post"}],"author":[{"embeddable":true,"href":"https:\/\/react-aph.org\/en\/wp-json\/wp\/v2\/users\/4"}],"replies":[{"embeddable":true,"href":"https:\/\/react-aph.org\/en\/wp-json\/wp\/v2\/comments?post=10335"}],"version-history":[{"count":4,"href":"https:\/\/react-aph.org\/en\/wp-json\/wp\/v2\/posts\/10335\/revisions"}],"predecessor-version":[{"id":10384,"href":"https:\/\/react-aph.org\/en\/wp-json\/wp\/v2\/posts\/10335\/revisions\/10384"}],"wp:featuredmedia":[{"embeddable":true,"href":"https:\/\/react-aph.org\/en\/wp-json\/wp\/v2\/media\/10339"}],"wp:attachment":[{"href":"https:\/\/react-aph.org\/en\/wp-json\/wp\/v2\/media?parent=10335"}],"wp:term":[{"taxonomy":"category","embeddable":true,"href":"https:\/\/react-aph.org\/en\/wp-json\/wp\/v2\/categories?post=10335"},{"taxonomy":"post_tag","embeddable":true,"href":"https:\/\/react-aph.org\/en\/wp-json\/wp\/v2\/tags?post=10335"}],"curies":[{"name":"wp","href":"https:\/\/api.w.org\/{rel}","templated":true}]}}